{"id":1010,"date":"2016-04-23T06:08:35","date_gmt":"2016-04-23T06:08:35","guid":{"rendered":"https:\/\/optmix.efno.fr\/?p=1010"},"modified":"2016-04-23T06:23:47","modified_gmt":"2016-04-23T06:23:47","slug":"installation-dune-station-meteo","status":"publish","type":"post","link":"https:\/\/optmix.efno.fr\/?p=1010","title":{"rendered":"Une station m\u00e9t\u00e9o est maintenant disponible en for\u00eat d&rsquo;Orl\u00e9ans"},"content":{"rendered":"<p>IRSTEA et\u00a0l\u2019Office National des For\u00eats ont install\u00e9 un poste climatique de r\u00e9f\u00e9rence au Carrefour de la R\u00e9sistance au c\u0153ur de la For\u00eat domaniale d\u2019Orl\u00e9ans. Les chercheurs et gestionnaires travaillant sur cette for\u00eat auront d\u00e9sormais acc\u00e8s \u00e0 des donn\u00e9es de temp\u00e9ratures, d&rsquo;humidit\u00e9 de l\u2019air, pr\u00e9cipitations, rayonnement , vitesse et direction vent.<\/p>\n<p>La station est op\u00e9rationnelle depuis avril 2016.<\/p>\n<p><a href=\"https:\/\/optmix.efno.fr\/wp-content\/uploads\/2016\/04\/poste_meteo_small.jpg\"><img decoding=\"async\" loading=\"lazy\" class=\"alignnone size-medium wp-image-1018\" src=\"https:\/\/optmix.efno.fr\/wp-content\/uploads\/2016\/04\/poste_meteo_small-300x168.jpg\" alt=\"poste_meteo_small\" width=\"300\" height=\"168\" srcset=\"https:\/\/optmix.efno.fr\/wp-content\/uploads\/2016\/04\/poste_meteo_small-300x168.jpg 300w, https:\/\/optmix.efno.fr\/wp-content\/uploads\/2016\/04\/poste_meteo_small-768x431.jpg 768w, https:\/\/optmix.efno.fr\/wp-content\/uploads\/2016\/04\/poste_meteo_small.jpg 900w\" sizes=\"(max-width: 300px) 100vw, 300px\" \/><\/a><\/p>\n","protected":false},"excerpt":{"rendered":"<p>IRSTEA et\u00a0l\u2019Office National des For\u00eats ont install\u00e9 un poste climatique de r\u00e9f\u00e9rence au Carrefour de la R\u00e9sistance au c\u0153ur de la For\u00eat domaniale d\u2019Orl\u00e9ans. Les chercheurs et gestionnaires travaillant sur cette for\u00eat auront d\u00e9sormais acc\u00e8s \u00e0 des donn\u00e9es de temp\u00e9ratures, d&rsquo;humidit\u00e9 de l\u2019air, pr\u00e9cipitations, rayonnement , vitesse et direction vent. La station est op\u00e9rationnelle depuis &hellip; <\/p>\n<p><a class=\"more-link btn\" href=\"https:\/\/optmix.efno.fr\/?p=1010\">Lire la suite<\/a><\/p>\n","protected":false},"author":2,"featured_media":0,"comment_status":"open","ping_status":"open","sticky":false,"template":"","format":"standard","meta":{"_mi_skip_tracking":false,"_exactmetrics_sitenote_active":false,"_exactmetrics_sitenote_note":"","_exactmetrics_sitenote_category":0,"footnotes":""},"categories":[1],"tags":[],"_links":{"self":[{"href":"https:\/\/optmix.efno.fr\/index.php?rest_route=\/wp\/v2\/posts\/1010"}],"collection":[{"href":"https:\/\/optmix.efno.fr\/index.php?rest_route=\/wp\/v2\/posts"}],"about":[{"href":"https:\/\/optmix.efno.fr\/index.php?rest_route=\/wp\/v2\/types\/post"}],"author":[{"embeddable":true,"href":"https:\/\/optmix.efno.fr\/index.php?rest_route=\/wp\/v2\/users\/2"}],"replies":[{"embeddable":true,"href":"https:\/\/optmix.efno.fr\/index.php?rest_route=%2Fwp%2Fv2%2Fcomments&post=1010"}],"version-history":[{"count":4,"href":"https:\/\/optmix.efno.fr\/index.php?rest_route=\/wp\/v2\/posts\/1010\/revisions"}],"predecessor-version":[{"id":1020,"href":"https:\/\/optmix.efno.fr\/index.php?rest_route=\/wp\/v2\/posts\/1010\/revisions\/1020"}],"wp:attachment":[{"href":"https:\/\/optmix.efno.fr\/index.php?rest_route=%2Fwp%2Fv2%2Fmedia&parent=1010"}],"wp:term":[{"taxonomy":"category","embeddable":true,"href":"https:\/\/optmix.efno.fr\/index.php?rest_route=%2Fwp%2Fv2%2Fcategories&post=1010"},{"taxonomy":"post_tag","embeddable":true,"href":"https:\/\/optmix.efno.fr\/index.php?rest_route=%2Fwp%2Fv2%2Ftags&post=1010"}],"curies":[{"name":"wp","href":"https:\/\/api.w.org\/{rel}","templated":true}]}}