{"id":1025,"date":"2016-05-11T12:49:25","date_gmt":"2016-05-11T12:49:25","guid":{"rendered":"https:\/\/optmix.efno.fr\/?p=1025"},"modified":"2016-05-11T13:08:55","modified_gmt":"2016-05-11T13:08:55","slug":"premier-comite-de-these-de-jordan-bello-10-mai-2016","status":"publish","type":"post","link":"https:\/\/optmix.efno.fr\/?p=1025","title":{"rendered":"Premier comit\u00e9 de th\u00e8se de Jordan Bello, 10 mai 2016"},"content":{"rendered":"<p>Le premier comit\u00e9 de th\u00e8se de Jordan Bello (Doctorant, Irstea Nogent-sur-Vernisson) a eu lieu le 10 mai 2016 \u00e0 Paris (AgroParisTech).<\/p>\n<p>Sa th\u00e8se, co-financ\u00e9e par la r\u00e9gion Centre Val de Loire et l&rsquo;ADEME, est ancr\u00e9e sur le dispositif OPTMix et cherche \u00e0 r\u00e9pondre \u00e0 la question suivante :<\/p>\n<p>\u00ab\u00a0Le m\u00e9lange des essences et la diminution de la\u00a0densit\u00e9 sont\u2013elles des strat\u00e9gies sylvicoles adapt\u00e9es au changement climatique ?\u00a0\u00bb<\/p>\n<p>Les participants de ce premier comit\u00e9 de th\u00e8se :<\/p>\n<p>&#8211; Laurent Augusto, Inra de Bordeaux<br \/>\n&#8211; Damien Bonal, Inra de Nancy-Lorraine<br \/>\n&#8211; C\u00e9cile Vincent-Barbaroux, Universit\u00e9 d\u2019Orl\u00e9ans<br \/>\n&#8211; Nicolas Delpierre, Universit\u00e9 Paris-Sud 11<br \/>\n&#8211; Miriam Buitrago, ADEME Angers<br \/>\n&#8211; Nathalie Korboulewsky, Directrice de th\u00e8se (Irstea)<br \/>\n&#8211; Patrick Vallet, Encadrant\u00a0(Irstea)<br \/>\n&#8211; Philippe Balandier, Co-encadrant\u00a0(Irstea)<br \/>\n&#8211; Thomas Perot, Co-encadrant\u00a0(Irstea)<\/p>\n","protected":false},"excerpt":{"rendered":"<p>Le premier comit\u00e9 de th\u00e8se de Jordan Bello (Doctorant, Irstea Nogent-sur-Vernisson) a eu lieu le 10 mai 2016 \u00e0 Paris (AgroParisTech). Sa th\u00e8se, co-financ\u00e9e par la r\u00e9gion Centre Val de Loire et l&rsquo;ADEME, est ancr\u00e9e sur le dispositif OPTMix et cherche \u00e0 r\u00e9pondre \u00e0 la question suivante : \u00ab\u00a0Le m\u00e9lange des essences et la diminution &hellip; <\/p>\n<p><a class=\"more-link btn\" href=\"https:\/\/optmix.efno.fr\/?p=1025\">Lire la suite<\/a><\/p>\n","protected":false},"author":2,"featured_media":0,"comment_status":"open","ping_status":"open","sticky":false,"template":"","format":"standard","meta":{"_mi_skip_tracking":false,"_exactmetrics_sitenote_active":false,"_exactmetrics_sitenote_note":"","_exactmetrics_sitenote_category":0,"footnotes":""},"categories":[1],"tags":[],"_links":{"self":[{"href":"https:\/\/optmix.efno.fr\/index.php?rest_route=\/wp\/v2\/posts\/1025"}],"collection":[{"href":"https:\/\/optmix.efno.fr\/index.php?rest_route=\/wp\/v2\/posts"}],"about":[{"href":"https:\/\/optmix.efno.fr\/index.php?rest_route=\/wp\/v2\/types\/post"}],"author":[{"embeddable":true,"href":"https:\/\/optmix.efno.fr\/index.php?rest_route=\/wp\/v2\/users\/2"}],"replies":[{"embeddable":true,"href":"https:\/\/optmix.efno.fr\/index.php?rest_route=%2Fwp%2Fv2%2Fcomments&post=1025"}],"version-history":[{"count":6,"href":"https:\/\/optmix.efno.fr\/index.php?rest_route=\/wp\/v2\/posts\/1025\/revisions"}],"predecessor-version":[{"id":1035,"href":"https:\/\/optmix.efno.fr\/index.php?rest_route=\/wp\/v2\/posts\/1025\/revisions\/1035"}],"wp:attachment":[{"href":"https:\/\/optmix.efno.fr\/index.php?rest_route=%2Fwp%2Fv2%2Fmedia&parent=1025"}],"wp:term":[{"taxonomy":"category","embeddable":true,"href":"https:\/\/optmix.efno.fr\/index.php?rest_route=%2Fwp%2Fv2%2Fcategories&post=1025"},{"taxonomy":"post_tag","embeddable":true,"href":"https:\/\/optmix.efno.fr\/index.php?rest_route=%2Fwp%2Fv2%2Ftags&post=1025"}],"curies":[{"name":"wp","href":"https:\/\/api.w.org\/{rel}","templated":true}]}}