{"id":1062,"date":"2016-06-11T06:25:33","date_gmt":"2016-06-11T06:25:33","guid":{"rendered":"https:\/\/optmix.efno.fr\/?p=1062"},"modified":"2016-06-14T06:02:36","modified_gmt":"2016-06-14T06:02:36","slug":"etude-en-cours-sur-les-reserves-carbonees-des-arbres","status":"publish","type":"post","link":"https:\/\/optmix.efno.fr\/?p=1062","title":{"rendered":"Projet sur les r\u00e9serves glucidiques dans les arbres avec l\u2019Universit\u00e9 d\u2019Orl\u00e9ans"},"content":{"rendered":"<p>Dans le cadre d\u2019un projet collaboratif avec C\u00e9cile Barbaroux\u00a0 et Aur\u00e9lien Sal\u00e9 du Laboratoire de Biologie des Ligneux et des Grandes Cultures (LBLGC) de l\u2019Universit\u00e9 d\u2019Orl\u00e9ans, nous avons collect\u00e9 des \u00e9chantillons au niveau des troncs et des grosses racines de ch\u00eanes (\u00e0 la mi-mai) et de pins (d\u00e9but juin). L\u2019objectif est d\u2019\u00e9tudier comment la comp\u00e9tition intra et inter-sp\u00e9cifique module les pools de r\u00e9serves carbon\u00e9es des arbres et l&rsquo;allocation entre croissance et mise en r\u00e9serve. Un autre pr\u00e9l\u00e8vement est pr\u00e9vu \u00e0 l\u2019automne, et l\u2019analyse des \u00e9chantillons et des donn\u00e9es feront l\u2019objet d\u2019un stage de Master 2 l\u2019ann\u00e9e prochaine.<\/p>\n<p>Nathalie Korboulewsky (Irstea)<\/p>\n<p><a href=\"https:\/\/optmix.efno.fr\/wp-content\/uploads\/2016\/06\/ProjetReserves2016-06-01-16.34.25_small.jpg\"><img decoding=\"async\" loading=\"lazy\" class=\"alignnone size-medium wp-image-1071\" src=\"https:\/\/optmix.efno.fr\/wp-content\/uploads\/2016\/06\/ProjetReserves2016-06-01-16.34.25_small-300x225.jpg\" alt=\"ProjetReserves2016-06-01 16.34.25_small\" width=\"300\" height=\"225\" srcset=\"https:\/\/optmix.efno.fr\/wp-content\/uploads\/2016\/06\/ProjetReserves2016-06-01-16.34.25_small-300x225.jpg 300w, https:\/\/optmix.efno.fr\/wp-content\/uploads\/2016\/06\/ProjetReserves2016-06-01-16.34.25_small-768x576.jpg 768w, https:\/\/optmix.efno.fr\/wp-content\/uploads\/2016\/06\/ProjetReserves2016-06-01-16.34.25_small.jpg 900w\" sizes=\"(max-width: 300px) 100vw, 300px\" \/><\/a><\/p>\n","protected":false},"excerpt":{"rendered":"<p>Dans le cadre d\u2019un projet collaboratif avec C\u00e9cile Barbaroux\u00a0 et Aur\u00e9lien Sal\u00e9 du Laboratoire de Biologie des Ligneux et des Grandes Cultures (LBLGC) de l\u2019Universit\u00e9 d\u2019Orl\u00e9ans, nous avons collect\u00e9 des \u00e9chantillons au niveau des troncs et des grosses racines de ch\u00eanes (\u00e0 la mi-mai) et de pins (d\u00e9but juin). L\u2019objectif est d\u2019\u00e9tudier comment la comp\u00e9tition &hellip; <\/p>\n<p><a class=\"more-link btn\" href=\"https:\/\/optmix.efno.fr\/?p=1062\">Lire la suite<\/a><\/p>\n","protected":false},"author":2,"featured_media":0,"comment_status":"open","ping_status":"open","sticky":false,"template":"","format":"standard","meta":{"_mi_skip_tracking":false,"_exactmetrics_sitenote_active":false,"_exactmetrics_sitenote_note":"","_exactmetrics_sitenote_category":0,"footnotes":""},"categories":[1],"tags":[],"_links":{"self":[{"href":"https:\/\/optmix.efno.fr\/index.php?rest_route=\/wp\/v2\/posts\/1062"}],"collection":[{"href":"https:\/\/optmix.efno.fr\/index.php?rest_route=\/wp\/v2\/posts"}],"about":[{"href":"https:\/\/optmix.efno.fr\/index.php?rest_route=\/wp\/v2\/types\/post"}],"author":[{"embeddable":true,"href":"https:\/\/optmix.efno.fr\/index.php?rest_route=\/wp\/v2\/users\/2"}],"replies":[{"embeddable":true,"href":"https:\/\/optmix.efno.fr\/index.php?rest_route=%2Fwp%2Fv2%2Fcomments&post=1062"}],"version-history":[{"count":5,"href":"https:\/\/optmix.efno.fr\/index.php?rest_route=\/wp\/v2\/posts\/1062\/revisions"}],"predecessor-version":[{"id":1074,"href":"https:\/\/optmix.efno.fr\/index.php?rest_route=\/wp\/v2\/posts\/1062\/revisions\/1074"}],"wp:attachment":[{"href":"https:\/\/optmix.efno.fr\/index.php?rest_route=%2Fwp%2Fv2%2Fmedia&parent=1062"}],"wp:term":[{"taxonomy":"category","embeddable":true,"href":"https:\/\/optmix.efno.fr\/index.php?rest_route=%2Fwp%2Fv2%2Fcategories&post=1062"},{"taxonomy":"post_tag","embeddable":true,"href":"https:\/\/optmix.efno.fr\/index.php?rest_route=%2Fwp%2Fv2%2Ftags&post=1062"}],"curies":[{"name":"wp","href":"https:\/\/api.w.org\/{rel}","templated":true}]}}