{"id":1887,"date":"2018-06-07T06:22:00","date_gmt":"2018-06-07T06:22:00","guid":{"rendered":"https:\/\/optmix.efno.fr\/?p=1887"},"modified":"2018-06-07T06:23:31","modified_gmt":"2018-06-07T06:23:31","slug":"optmix-joins-the-climatick-project","status":"publish","type":"post","link":"https:\/\/optmix.efno.fr\/?p=1887","title":{"rendered":"OPTMix joins the CLIMATICK project"},"content":{"rendered":"<p>OPTMix joins the network of the CLIMATICK project which starts in June 2018. OPTMix becomes the 10th site with a monthly monitoring of tick activity after that of ONCFS in Bazes (Pyr\u00e9n\u00e9es).<\/p>\n<p>see also <a href=\"https:\/\/optmix.efno.fr\/?p=1868\">here<\/a><\/p>\n<p><span style=\"text-decoration: underline;\">Summary of the CLIMATICK project (Isabelle Lebert, INRA UMR EPIA)<\/span><\/p>\n<p>Le changement climatique modifie la ph\u00e9nologie la distribution des tiques et en cons\u00e9quence la distribution des maladies li\u00e9es aux tiques.<\/p>\n<p>Les objectifs du projet CLIMATICK sont de :<\/p>\n<ul>\n<li>Projeter les mod\u00e8les spatiaux et temporels de l&rsquo;activit\u00e9 future des tiques indig\u00e8nes et exotiques dans le sc\u00e9nario RCP (\u00ab Representative Concentration Pathways \u00bb ou \u00ab Profils repr\u00e9sentatifs d&rsquo;\u00e9volution de concentration \u00bb),<\/li>\n<li>Proposer des adaptations de la strat\u00e9gie de communication, de la surveillance et de la gestion environnementale pour am\u00e9liorer la pr\u00e9vention vis-\u00e0-vis des tiques.<\/li>\n<\/ul>\n<p>Le projet CLIMATICK met l&rsquo;accent sur le risque actuel repr\u00e9sent\u00e9 par les tiques indig\u00e8nes (<em>Ixodes ricinus<\/em>) et ses pathog\u00e8nes les plus mena\u00e7ants pour la sant\u00e9 humaine et animale mais \u00e9galement sur les nouveaux risques li\u00e9s aux tiques exotiques des r\u00e9gions plus chaudes potentiellement invasives, comme <em>Hyalomma marginatum<\/em>, vecteur de CCHF (virus de la fi\u00e8vre h\u00e9morragique de Congo-Crim\u00e9e), \u00e9tabli dans le sud de la France. \u00c0 l&rsquo;aide de donn\u00e9es observationnelles et exp\u00e9rimentales longitudinales, des mod\u00e8les math\u00e9matiques dynamiques et statistiques seront d\u00e9velopp\u00e9s pour \u00e9tudier l&rsquo;activit\u00e9 des tiques en tenant compte des variables m\u00e9t\u00e9orologiques, des populations h\u00f4tes et de la r\u00e9partition des for\u00eats en lien avec les changements climatiques. La projection dans le climat futur sera faite pour 2050 et 2100.<\/p>\n<p>Ce projet est financ\u00e9 par le m\u00e9taprogramme ACCAF (Adaptation au Changement Climatique de l\u2019Agriculture et de la For\u00eat) sur 3 ans (mai 2018 avril 2021). CLIMATICK est un un projet pluridisciplinaire dont l\u2019UMR EPIA est le coordinateur (Karine Chalvet-Monfray) et l\u2019UMR ASTRE le co-coordinateur (Laurence Vial). D\u2019autres \u00e9quipes sont impliqu\u00e9es dans le projet INRA (BIOEPAR, BIPAR, CEFS, Agroclim, Territoires, Merial et Anses Nancy).<\/p>\n<p>Ce projet est la suite de deux projet CCEID et CCEID-transfert (m\u00e9taprogramme ACCAF de 2014 \u00e0 2018). Ils ont permis\u00a0:<\/p>\n<ul>\n<li>Projet CCEID\u00a0: de mettre en place un r\u00e9seau d\u2019observatoires sur l\u2019activit\u00e9 et la dynamique des populations de tiques sur une longue p\u00e9riode et de d\u00e9velopper des mod\u00e8les associ\u00e9s de pr\u00e9vision des risques. Une collecte de tiques a lieu tous les mois depuis 2014 sur 8 sites en France. Sur chaque site, la collecte est r\u00e9alis\u00e9e sur 10 transects de 10 m\u00b2 chacun. Une station m\u00e9t\u00e9orologique est install\u00e9e par site\u00a0: temp\u00e9rature \u00e0 2 m\u00e8tres, temp\u00e9rature dans la liti\u00e8re, humidit\u00e9 relative\u2026 L\u2019identification et la conservation des tiques se font \u00e0 l\u2019INRA.<\/li>\n<li>Projet CCEID-transfert\u00a0: de transf\u00e9rer le mod\u00e8le issu de CCEID dans l\u2019application Fleatickrisk\u00a0pour valorisation le travail r\u00e9alis\u00e9<\/li>\n<\/ul>\n<p>L\u2019IRSTEA (Nogent sur Vernisson) dans le cadre de leur dispositif exp\u00e9rimental OPTMix rejoint le r\u00e9seau d\u2019observatoires dans le projet CLIMATICK et devient le 10\u00e8me site de suivi mensuel de l\u2019activit\u00e9 des tiques, apr\u00e8s celui de ONCFS \u00e0 Bazes (Pyr\u00e9n\u00e9es).<\/p>\n<p>&nbsp;<\/p>\n","protected":false},"excerpt":{"rendered":"<p>OPTMix joins the network of the CLIMATICK project which starts in June 2018. OPTMix becomes the 10th site with a monthly monitoring of tick activity after that of ONCFS in Bazes (Pyr\u00e9n\u00e9es). see also here Summary of the CLIMATICK project (Isabelle Lebert, INRA UMR EPIA) Le changement climatique modifie la ph\u00e9nologie la distribution des tiques &hellip; <\/p>\n<p><a class=\"more-link btn\" href=\"https:\/\/optmix.efno.fr\/?p=1887\">Lire la suite<\/a><\/p>\n","protected":false},"author":2,"featured_media":0,"comment_status":"open","ping_status":"open","sticky":false,"template":"","format":"standard","meta":{"_mi_skip_tracking":false,"_exactmetrics_sitenote_active":false,"_exactmetrics_sitenote_note":"","_exactmetrics_sitenote_category":0,"footnotes":""},"categories":[11],"tags":[],"_links":{"self":[{"href":"https:\/\/optmix.efno.fr\/index.php?rest_route=\/wp\/v2\/posts\/1887"}],"collection":[{"href":"https:\/\/optmix.efno.fr\/index.php?rest_route=\/wp\/v2\/posts"}],"about":[{"href":"https:\/\/optmix.efno.fr\/index.php?rest_route=\/wp\/v2\/types\/post"}],"author":[{"embeddable":true,"href":"https:\/\/optmix.efno.fr\/index.php?rest_route=\/wp\/v2\/users\/2"}],"replies":[{"embeddable":true,"href":"https:\/\/optmix.efno.fr\/index.php?rest_route=%2Fwp%2Fv2%2Fcomments&post=1887"}],"version-history":[{"count":4,"href":"https:\/\/optmix.efno.fr\/index.php?rest_route=\/wp\/v2\/posts\/1887\/revisions"}],"predecessor-version":[{"id":1891,"href":"https:\/\/optmix.efno.fr\/index.php?rest_route=\/wp\/v2\/posts\/1887\/revisions\/1891"}],"wp:attachment":[{"href":"https:\/\/optmix.efno.fr\/index.php?rest_route=%2Fwp%2Fv2%2Fmedia&parent=1887"}],"wp:term":[{"taxonomy":"category","embeddable":true,"href":"https:\/\/optmix.efno.fr\/index.php?rest_route=%2Fwp%2Fv2%2Fcategories&post=1887"},{"taxonomy":"post_tag","embeddable":true,"href":"https:\/\/optmix.efno.fr\/index.php?rest_route=%2Fwp%2Fv2%2Ftags&post=1887"}],"curies":[{"name":"wp","href":"https:\/\/api.w.org\/{rel}","templated":true}]}}