{"id":2029,"date":"2018-09-13T13:08:15","date_gmt":"2018-09-13T13:08:15","guid":{"rendered":"https:\/\/optmix.efno.fr\/?p=2029"},"modified":"2018-10-03T06:01:14","modified_gmt":"2018-10-03T06:01:14","slug":"etalonnage-des-66-capteurs-de-lumiere","status":"publish","type":"post","link":"https:\/\/optmix.efno.fr\/?p=2029","title":{"rendered":"\u00c9talonnage des 66 capteurs de lumi\u00e8re"},"content":{"rendered":"<p>Les 66 capteurs de lumi\u00e8re du dispositif OPTMix ont \u00e9t\u00e9 d\u00e9mont\u00e9s des centrales d&rsquo;acquisition pendant une courte p\u00e9riode pour \u00eatre \u00e9talonn\u00e9s \u00e0 l&rsquo;aide de capteurs de r\u00e9f\u00e9rence sur un terrain d\u00e9couvert.<br \/>\nCet \u00e9talonnage permettra d&rsquo;actualiser les coefficients de correction permettant de convertir les millivolts renvoy\u00e9s par les capteurs en unit\u00e9 de mesure du rayonnement solaire. Ces op\u00e9rations (d\u00e9montage, \u00e9talonnage et remontage des capteurs) ont \u00e9t\u00e9 r\u00e9alis\u00e9es entre le 03\/08\/2018 et le 24\/08\/2018.<\/p>\n<p><img decoding=\"async\" loading=\"lazy\" class=\"alignnone size-medium wp-image-2032\" src=\"https:\/\/optmix.efno.fr\/wp-content\/uploads\/2018\/09\/IMG_20180809_102552_small_etalonnage_lumiere-225x300.jpg\" alt=\"\" width=\"225\" height=\"300\" srcset=\"https:\/\/optmix.efno.fr\/wp-content\/uploads\/2018\/09\/IMG_20180809_102552_small_etalonnage_lumiere-225x300.jpg 225w, https:\/\/optmix.efno.fr\/wp-content\/uploads\/2018\/09\/IMG_20180809_102552_small_etalonnage_lumiere.jpg 675w\" sizes=\"(max-width: 225px) 100vw, 225px\" \/>\u00a0\u00a0<img decoding=\"async\" loading=\"lazy\" class=\"alignnone size-medium wp-image-2033\" src=\"https:\/\/optmix.efno.fr\/wp-content\/uploads\/2018\/09\/IMG_20180809_102526_small_etalonnage_lumiere-225x300.jpg\" alt=\"\" width=\"225\" height=\"300\" srcset=\"https:\/\/optmix.efno.fr\/wp-content\/uploads\/2018\/09\/IMG_20180809_102526_small_etalonnage_lumiere-225x300.jpg 225w, https:\/\/optmix.efno.fr\/wp-content\/uploads\/2018\/09\/IMG_20180809_102526_small_etalonnage_lumiere.jpg 675w\" sizes=\"(max-width: 225px) 100vw, 225px\" \/>\u00a0\u00a0<img decoding=\"async\" loading=\"lazy\" class=\"alignnone size-medium wp-image-2027\" src=\"https:\/\/optmix.efno.fr\/wp-content\/uploads\/2018\/09\/IMG_20180809_143827_small_etalonnage_lumiere-225x300.jpg\" alt=\"\" width=\"225\" height=\"300\" srcset=\"https:\/\/optmix.efno.fr\/wp-content\/uploads\/2018\/09\/IMG_20180809_143827_small_etalonnage_lumiere-225x300.jpg 225w, https:\/\/optmix.efno.fr\/wp-content\/uploads\/2018\/09\/IMG_20180809_143827_small_etalonnage_lumiere.jpg 675w\" sizes=\"(max-width: 225px) 100vw, 225px\" \/><\/p>\n","protected":false},"excerpt":{"rendered":"<p>Les 66 capteurs de lumi\u00e8re du dispositif OPTMix ont \u00e9t\u00e9 d\u00e9mont\u00e9s des centrales d&rsquo;acquisition pendant une courte p\u00e9riode pour \u00eatre \u00e9talonn\u00e9s \u00e0 l&rsquo;aide de capteurs de r\u00e9f\u00e9rence sur un terrain d\u00e9couvert. Cet \u00e9talonnage permettra d&rsquo;actualiser les coefficients de correction permettant de convertir les millivolts renvoy\u00e9s par les capteurs en unit\u00e9 de mesure du rayonnement solaire. &hellip; <\/p>\n<p><a class=\"more-link btn\" href=\"https:\/\/optmix.efno.fr\/?p=2029\">Lire la suite<\/a><\/p>\n","protected":false},"author":2,"featured_media":0,"comment_status":"open","ping_status":"open","sticky":false,"template":"","format":"standard","meta":{"_mi_skip_tracking":false,"_exactmetrics_sitenote_active":false,"_exactmetrics_sitenote_note":"","_exactmetrics_sitenote_category":0,"footnotes":""},"categories":[1],"tags":[],"_links":{"self":[{"href":"https:\/\/optmix.efno.fr\/index.php?rest_route=\/wp\/v2\/posts\/2029"}],"collection":[{"href":"https:\/\/optmix.efno.fr\/index.php?rest_route=\/wp\/v2\/posts"}],"about":[{"href":"https:\/\/optmix.efno.fr\/index.php?rest_route=\/wp\/v2\/types\/post"}],"author":[{"embeddable":true,"href":"https:\/\/optmix.efno.fr\/index.php?rest_route=\/wp\/v2\/users\/2"}],"replies":[{"embeddable":true,"href":"https:\/\/optmix.efno.fr\/index.php?rest_route=%2Fwp%2Fv2%2Fcomments&post=2029"}],"version-history":[{"count":11,"href":"https:\/\/optmix.efno.fr\/index.php?rest_route=\/wp\/v2\/posts\/2029\/revisions"}],"predecessor-version":[{"id":2171,"href":"https:\/\/optmix.efno.fr\/index.php?rest_route=\/wp\/v2\/posts\/2029\/revisions\/2171"}],"wp:attachment":[{"href":"https:\/\/optmix.efno.fr\/index.php?rest_route=%2Fwp%2Fv2%2Fmedia&parent=2029"}],"wp:term":[{"taxonomy":"category","embeddable":true,"href":"https:\/\/optmix.efno.fr\/index.php?rest_route=%2Fwp%2Fv2%2Fcategories&post=2029"},{"taxonomy":"post_tag","embeddable":true,"href":"https:\/\/optmix.efno.fr\/index.php?rest_route=%2Fwp%2Fv2%2Ftags&post=2029"}],"curies":[{"name":"wp","href":"https:\/\/api.w.org\/{rel}","templated":true}]}}