{"id":3093,"date":"2022-06-07T08:54:59","date_gmt":"2022-06-07T08:54:59","guid":{"rendered":"https:\/\/optmix.efno.fr\/?p=3093"},"modified":"2022-06-07T09:07:22","modified_gmt":"2022-06-07T09:07:22","slug":"optmix-accueil-un-nouvel-arrivant-pour-un-nouveau-projet-sur-la-regeneration","status":"publish","type":"post","link":"https:\/\/optmix.efno.fr\/?p=3093","title":{"rendered":"OPTMix accueille un nouvel arrivant pour un nouveau projet sur la r\u00e9g\u00e9n\u00e9ration"},"content":{"rendered":"<p>Matias Bentkowski effectue son stage de fin d\u2019\u00e9tude d\u2019ing\u00e9nieur au sein de l\u2019unit\u00e9 EFNO de l\u2019INRAE. L\u2019objectif est d\u2019\u00e9tudier l\u2019impact des \u00e9pisodes de s\u00e9cheresse estivale sur la r\u00e9g\u00e9n\u00e9ration foresti\u00e8re. La mission qui se d\u00e9roule sur le dispositif OPTMix consiste \u00e0 mesurer le niveau de stress hydrique et l\u2019accroissement annuel des semis de pin sylvestre et de ch\u00eane sessile dans diff\u00e9rentes conditions naturelles (comp\u00e9tition avec le sous-bois, niveau d\u2019\u00e9clairement par rapport au couvert forestier, pression de l\u2019abroutissement et du frottement par les cervid\u00e9s). L\u2019exp\u00e9rimentation en for\u00eat va se d\u00e9rouler sur les mois de juin, juillet et ao\u00fbt.\u00a0 Les semis vont r\u00e9guli\u00e8rement \u00eatre mesur\u00e9s pour avoir un suivi tout au long de la p\u00e9riode estivale. Cela va permettre d\u2019estimer l\u2019impact des diff\u00e9rents facteurs naturels sur la r\u00e9g\u00e9n\u00e9ration des for\u00eats de pins et de ch\u00eanes<\/p>\n<p>&nbsp;<\/p>\n<div id=\"attachment_3096\" style=\"width: 300px\" class=\"wp-caption alignnone\"><a href=\"https:\/\/optmix.efno.fr\/wp-content\/uploads\/2022\/06\/article_stage_Matias1.jpg\"><img aria-describedby=\"caption-attachment-3096\" decoding=\"async\" loading=\"lazy\" class=\"size-medium wp-image-3096\" src=\"https:\/\/optmix.efno.fr\/wp-content\/uploads\/2022\/06\/article_stage_Matias1-300x225.jpg\" alt=\"\" width=\"300\" height=\"225\" srcset=\"https:\/\/optmix.efno.fr\/wp-content\/uploads\/2022\/06\/article_stage_Matias1-300x225.jpg?v=1654592146 300w, https:\/\/optmix.efno.fr\/wp-content\/uploads\/2022\/06\/article_stage_Matias1-768x576.jpg?v=1654592146 768w, https:\/\/optmix.efno.fr\/wp-content\/uploads\/2022\/06\/article_stage_Matias1-750x563.jpg?v=1654592146 750w, https:\/\/optmix.efno.fr\/wp-content\/uploads\/2022\/06\/article_stage_Matias1.jpg?v=1654592146 948w\" sizes=\"(max-width: 300px) 100vw, 300px\" \/><\/a><p id=\"caption-attachment-3096\" class=\"wp-caption-text\">\u00ab o\u00f9 est le stagiaire ? \u00bb photo prise par Guilhem Parmain lors d\u2019une sortie terrain sur le dispositif OPTMix<\/p><\/div>\n<p>&nbsp;<\/p>\n<div id=\"attachment_3095\" style=\"width: 225px\" class=\"wp-caption alignnone\"><a href=\"https:\/\/optmix.efno.fr\/wp-content\/uploads\/2022\/06\/article_stage_Matias2.jpg\"><img aria-describedby=\"caption-attachment-3095\" decoding=\"async\" loading=\"lazy\" class=\"size-medium wp-image-3095\" src=\"https:\/\/optmix.efno.fr\/wp-content\/uploads\/2022\/06\/article_stage_Matias2-225x300.jpg\" alt=\"\" width=\"225\" height=\"300\" srcset=\"https:\/\/optmix.efno.fr\/wp-content\/uploads\/2022\/06\/article_stage_Matias2-225x300.jpg?v=1654592153 225w, https:\/\/optmix.efno.fr\/wp-content\/uploads\/2022\/06\/article_stage_Matias2.jpg?v=1654592153 750w\" sizes=\"(max-width: 225px) 100vw, 225px\" \/><\/a><p id=\"caption-attachment-3095\" class=\"wp-caption-text\">mesure du stress hydrique \u00e0 l\u2019aide du porom\u00e8tre. Photo prise par Matias montrant l\u2019appareil de mesure utiliser pour les mesures de terrain<\/p><\/div>\n","protected":false},"excerpt":{"rendered":"<p>Matias Bentkowski effectue son stage de fin d\u2019\u00e9tude d\u2019ing\u00e9nieur au sein de l\u2019unit\u00e9 EFNO de l\u2019INRAE. L\u2019objectif est d\u2019\u00e9tudier l\u2019impact des \u00e9pisodes de s\u00e9cheresse estivale sur la r\u00e9g\u00e9n\u00e9ration foresti\u00e8re. La mission qui se d\u00e9roule sur le dispositif OPTMix consiste \u00e0 mesurer le niveau de stress hydrique et l\u2019accroissement annuel des semis de pin sylvestre et &hellip; <\/p>\n<p><a class=\"more-link btn\" href=\"https:\/\/optmix.efno.fr\/?p=3093\">Lire la suite<\/a><\/p>\n","protected":false},"author":2,"featured_media":0,"comment_status":"open","ping_status":"open","sticky":false,"template":"","format":"standard","meta":{"_mi_skip_tracking":false,"_exactmetrics_sitenote_active":false,"_exactmetrics_sitenote_note":"","_exactmetrics_sitenote_category":0,"footnotes":""},"categories":[1],"tags":[],"_links":{"self":[{"href":"https:\/\/optmix.efno.fr\/index.php?rest_route=\/wp\/v2\/posts\/3093"}],"collection":[{"href":"https:\/\/optmix.efno.fr\/index.php?rest_route=\/wp\/v2\/posts"}],"about":[{"href":"https:\/\/optmix.efno.fr\/index.php?rest_route=\/wp\/v2\/types\/post"}],"author":[{"embeddable":true,"href":"https:\/\/optmix.efno.fr\/index.php?rest_route=\/wp\/v2\/users\/2"}],"replies":[{"embeddable":true,"href":"https:\/\/optmix.efno.fr\/index.php?rest_route=%2Fwp%2Fv2%2Fcomments&post=3093"}],"version-history":[{"count":5,"href":"https:\/\/optmix.efno.fr\/index.php?rest_route=\/wp\/v2\/posts\/3093\/revisions"}],"predecessor-version":[{"id":3105,"href":"https:\/\/optmix.efno.fr\/index.php?rest_route=\/wp\/v2\/posts\/3093\/revisions\/3105"}],"wp:attachment":[{"href":"https:\/\/optmix.efno.fr\/index.php?rest_route=%2Fwp%2Fv2%2Fmedia&parent=3093"}],"wp:term":[{"taxonomy":"category","embeddable":true,"href":"https:\/\/optmix.efno.fr\/index.php?rest_route=%2Fwp%2Fv2%2Fcategories&post=3093"},{"taxonomy":"post_tag","embeddable":true,"href":"https:\/\/optmix.efno.fr\/index.php?rest_route=%2Fwp%2Fv2%2Ftags&post=3093"}],"curies":[{"name":"wp","href":"https:\/\/api.w.org\/{rel}","templated":true}]}}