{"id":3218,"date":"2023-04-19T13:59:42","date_gmt":"2023-04-19T13:59:42","guid":{"rendered":"https:\/\/optmix.efno.fr\/?p=3218"},"modified":"2024-01-19T14:13:30","modified_gmt":"2024-01-19T14:13:30","slug":"abattage-darbres-morts-pour-raison-de-securite","status":"publish","type":"post","link":"https:\/\/optmix.efno.fr\/?p=3218","title":{"rendered":"Abattage d&rsquo;arbres morts pour raison de s\u00e9curit\u00e9"},"content":{"rendered":"<p>En avril 2023, environ 80 arbres morts sur pied, principalement des pins sylvestres, ont \u00e9t\u00e9 abattus soit pour des raisons de s\u00e9curit\u00e9 soit parce qu&rsquo;ils mena\u00e7aient les \u00e9quipements exp\u00e9rimentaux (capteurs, cl\u00f4tures).<\/p>\n<p>&nbsp;<\/p>\n<p><a href=\"https:\/\/optmix.efno.fr\/wp-content\/uploads\/2024\/01\/IMG_20230405_160002_small.jpg\"><img decoding=\"async\" loading=\"lazy\" class=\"alignnone size-medium wp-image-3222\" src=\"https:\/\/optmix.efno.fr\/wp-content\/uploads\/2024\/01\/IMG_20230405_160002_small-225x300.jpg\" alt=\"\" width=\"225\" height=\"300\" srcset=\"https:\/\/optmix.efno.fr\/wp-content\/uploads\/2024\/01\/IMG_20230405_160002_small-225x300.jpg?v=1705673573 225w, https:\/\/optmix.efno.fr\/wp-content\/uploads\/2024\/01\/IMG_20230405_160002_small.jpg?v=1705673573 675w\" sizes=\"(max-width: 225px) 100vw, 225px\" \/><\/a> <a href=\"https:\/\/optmix.efno.fr\/wp-content\/uploads\/2024\/01\/IMG_20230405_111316_small.jpg\"><img decoding=\"async\" loading=\"lazy\" class=\"alignnone size-medium wp-image-3223\" src=\"https:\/\/optmix.efno.fr\/wp-content\/uploads\/2024\/01\/IMG_20230405_111316_small-225x300.jpg\" alt=\"\" width=\"225\" height=\"300\" srcset=\"https:\/\/optmix.efno.fr\/wp-content\/uploads\/2024\/01\/IMG_20230405_111316_small-225x300.jpg?v=1705673544 225w, https:\/\/optmix.efno.fr\/wp-content\/uploads\/2024\/01\/IMG_20230405_111316_small.jpg?v=1705673544 675w\" sizes=\"(max-width: 225px) 100vw, 225px\" \/><\/a><\/p>\n<p>&nbsp;<\/p>\n<p>&nbsp;<\/p>\n","protected":false},"excerpt":{"rendered":"<p>En avril 2023, environ 80 arbres morts sur pied, principalement des pins sylvestres, ont \u00e9t\u00e9 abattus soit pour des raisons de s\u00e9curit\u00e9 soit parce qu&rsquo;ils mena\u00e7aient les \u00e9quipements exp\u00e9rimentaux (capteurs, cl\u00f4tures). &nbsp; &nbsp; &nbsp;<\/p>\n","protected":false},"author":2,"featured_media":0,"comment_status":"open","ping_status":"open","sticky":false,"template":"","format":"standard","meta":{"_mi_skip_tracking":false,"_exactmetrics_sitenote_active":false,"_exactmetrics_sitenote_note":"","_exactmetrics_sitenote_category":0,"footnotes":""},"categories":[1],"tags":[],"_links":{"self":[{"href":"https:\/\/optmix.efno.fr\/index.php?rest_route=\/wp\/v2\/posts\/3218"}],"collection":[{"href":"https:\/\/optmix.efno.fr\/index.php?rest_route=\/wp\/v2\/posts"}],"about":[{"href":"https:\/\/optmix.efno.fr\/index.php?rest_route=\/wp\/v2\/types\/post"}],"author":[{"embeddable":true,"href":"https:\/\/optmix.efno.fr\/index.php?rest_route=\/wp\/v2\/users\/2"}],"replies":[{"embeddable":true,"href":"https:\/\/optmix.efno.fr\/index.php?rest_route=%2Fwp%2Fv2%2Fcomments&post=3218"}],"version-history":[{"count":4,"href":"https:\/\/optmix.efno.fr\/index.php?rest_route=\/wp\/v2\/posts\/3218\/revisions"}],"predecessor-version":[{"id":3226,"href":"https:\/\/optmix.efno.fr\/index.php?rest_route=\/wp\/v2\/posts\/3218\/revisions\/3226"}],"wp:attachment":[{"href":"https:\/\/optmix.efno.fr\/index.php?rest_route=%2Fwp%2Fv2%2Fmedia&parent=3218"}],"wp:term":[{"taxonomy":"category","embeddable":true,"href":"https:\/\/optmix.efno.fr\/index.php?rest_route=%2Fwp%2Fv2%2Fcategories&post=3218"},{"taxonomy":"post_tag","embeddable":true,"href":"https:\/\/optmix.efno.fr\/index.php?rest_route=%2Fwp%2Fv2%2Ftags&post=3218"}],"curies":[{"name":"wp","href":"https:\/\/api.w.org\/{rel}","templated":true}]}}