{"id":3245,"date":"2025-01-30T14:28:49","date_gmt":"2025-01-30T14:28:49","guid":{"rendered":"https:\/\/optmix.efno.fr\/?p=3245"},"modified":"2025-01-30T14:36:19","modified_gmt":"2025-01-30T14:36:19","slug":"ecologging-une-nouvelle-station-instrumentee-connectee-fiable-et-evolutive-en-test-sur-optmix","status":"publish","type":"post","link":"https:\/\/optmix.efno.fr\/?p=3245","title":{"rendered":"ECOLOGGING : Une nouvelle station instrument\u00e9e connect\u00e9e, fiable et \u00e9volutive en test sur OPTMix"},"content":{"rendered":"<p>Dans le cadre d\u2019un projet AnaEE 2024, Pierre Bordenave (Assistant Ing\u00e9nieur en instrumentation, Unit\u00e9 Exp\u00e9rimentale For\u00eat Pierroton UEFP) d\u00e9veloppe et teste dans diverses situations une station de mesure du microclimat <em>low cost<\/em> tout en gardant une qualit\u00e9 des capteurs pour la recherche et \u00e9volutif puisque d\u2019autres capteurs peuvent y \u00eatre branch\u00e9s (comme des capteurs d\u2019humidit\u00e9 du sol, de hauteur de nappe ou des dendrom\u00e8tres).<\/p>\n<p>OPTMix est un site forestier sur lequel la durabilit\u00e9 des appareils, l\u2019alimentation par panneaux solaires, et la transmission en 4G seront particuli\u00e8rement observ\u00e9s pour sa situation sous-couvert arbor\u00e9.<\/p>\n<p>Pierre et son coll\u00e8gue Bernard sont venus de Bordeaux pour d\u00e9ployer en 1h cette station. Elle est fonctionnelle et nous recevons d\u00e9j\u00e0 les donn\u00e9es horaires (moyenne ou somme des mesures totues les 20 sec) sur nos ordinateurs avec une visualisation graphique simple qui sera bient\u00f4t disponible pour tous.<\/p>\n<p><a href=\"https:\/\/optmix.efno.fr\/wp-content\/uploads\/2025\/01\/20250129_104959_small.jpg\"><img decoding=\"async\" loading=\"lazy\" class=\"alignnone size-medium wp-image-3247\" src=\"https:\/\/optmix.efno.fr\/wp-content\/uploads\/2025\/01\/20250129_104959_small-142x300.jpg\" alt=\"\" width=\"142\" height=\"300\" srcset=\"https:\/\/optmix.efno.fr\/wp-content\/uploads\/2025\/01\/20250129_104959_small-142x300.jpg 142w, https:\/\/optmix.efno.fr\/wp-content\/uploads\/2025\/01\/20250129_104959_small.jpg 426w\" sizes=\"(max-width: 142px) 100vw, 142px\" \/><\/a><\/p>\n","protected":false},"excerpt":{"rendered":"<p>Dans le cadre d\u2019un projet AnaEE 2024, Pierre Bordenave (Assistant Ing\u00e9nieur en instrumentation, Unit\u00e9 Exp\u00e9rimentale For\u00eat Pierroton UEFP) d\u00e9veloppe et teste dans diverses situations une station de mesure du microclimat low cost tout en gardant une qualit\u00e9 des capteurs pour la recherche et \u00e9volutif puisque d\u2019autres capteurs peuvent y \u00eatre branch\u00e9s (comme des capteurs d\u2019humidit\u00e9 &hellip; <\/p>\n<p><a class=\"more-link btn\" href=\"https:\/\/optmix.efno.fr\/?p=3245\">Lire la suite<\/a><\/p>\n","protected":false},"author":2,"featured_media":0,"comment_status":"open","ping_status":"open","sticky":false,"template":"","format":"standard","meta":{"_mi_skip_tracking":false,"_exactmetrics_sitenote_active":false,"_exactmetrics_sitenote_note":"","_exactmetrics_sitenote_category":0,"footnotes":""},"categories":[1],"tags":[],"_links":{"self":[{"href":"https:\/\/optmix.efno.fr\/index.php?rest_route=\/wp\/v2\/posts\/3245"}],"collection":[{"href":"https:\/\/optmix.efno.fr\/index.php?rest_route=\/wp\/v2\/posts"}],"about":[{"href":"https:\/\/optmix.efno.fr\/index.php?rest_route=\/wp\/v2\/types\/post"}],"author":[{"embeddable":true,"href":"https:\/\/optmix.efno.fr\/index.php?rest_route=\/wp\/v2\/users\/2"}],"replies":[{"embeddable":true,"href":"https:\/\/optmix.efno.fr\/index.php?rest_route=%2Fwp%2Fv2%2Fcomments&post=3245"}],"version-history":[{"count":3,"href":"https:\/\/optmix.efno.fr\/index.php?rest_route=\/wp\/v2\/posts\/3245\/revisions"}],"predecessor-version":[{"id":3252,"href":"https:\/\/optmix.efno.fr\/index.php?rest_route=\/wp\/v2\/posts\/3245\/revisions\/3252"}],"wp:attachment":[{"href":"https:\/\/optmix.efno.fr\/index.php?rest_route=%2Fwp%2Fv2%2Fmedia&parent=3245"}],"wp:term":[{"taxonomy":"category","embeddable":true,"href":"https:\/\/optmix.efno.fr\/index.php?rest_route=%2Fwp%2Fv2%2Fcategories&post=3245"},{"taxonomy":"post_tag","embeddable":true,"href":"https:\/\/optmix.efno.fr\/index.php?rest_route=%2Fwp%2Fv2%2Ftags&post=3245"}],"curies":[{"name":"wp","href":"https:\/\/api.w.org\/{rel}","templated":true}]}}