{"id":3347,"date":"2025-07-01T14:00:24","date_gmt":"2025-07-01T14:00:24","guid":{"rendered":"https:\/\/optmix.efno.fr\/?p=3347"},"modified":"2025-07-01T14:36:15","modified_gmt":"2025-07-01T14:36:15","slug":"article-paru-lespece-darbre-de-la-canopee-a-t-elle-une-importance-sur-la-capacite-du-couvert-forestier-a-tamponner-les-temperature-2","status":"publish","type":"post","link":"https:\/\/optmix.efno.fr\/?p=3347","title":{"rendered":"Article paru : L\u2019esp\u00e8ce d\u2019arbre de la canop\u00e9e a-t-elle une importance sur la capacit\u00e9 du couvert forestier \u00e0 tamponner les temp\u00e9ratures ?"},"content":{"rendered":"<p>Un article vient de para\u00eetre dans la revue \u00ab\u00a0Agricultural and Forest Meteorology\u00a0\u00bb sur l&rsquo;importance de l&rsquo;esp\u00e8ce d&rsquo;arbre de la canop\u00e9e sur la capacit\u00e9 du couvert forestier \u00e0 tamponner les temp\u00e9ratures en p\u00e9riode estivale:<\/p>\n<div class=\"csl-bib-body\">\n<p>Perot, Thomas, Marc Saudreau, Nathalie Korboulewsky, Anders M\u00e5rell, et Philippe Balandier. Capacity of a forest to buffer temperature: Does canopy tree species matter? Agricultural and Forest Meteorology 371 (2025): 110646.\u00a0<a href=\"https:\/\/doi.org\/10.1016\/j.agrformet.2025.110646\" target=\"_blank\" rel=\"noopener\">https:\/\/doi.org\/10.1016\/j.agrformet.2025.110646<\/a><\/p>\n<div><strong><span style=\"text-decoration: underline;\">Les points forts :<\/span><\/strong><\/div>\n<div><\/div>\n<ul>\n<li>La temp\u00e9rature de l&rsquo;air a \u00e9t\u00e9 suivie dans des peuplements de ch\u00eane sessile et de pin sylvestre de 2018 \u00e0 2020 sur le dispositif OPTMix ;<\/li>\n<li>Les effets de l&rsquo;esp\u00e8ce d&rsquo;arbre et de la densit\u00e9 du peuplement sur la capacit\u00e9 tampon ont \u00e9t\u00e9 test\u00e9s ;<\/li>\n<li>Le rayonnement incident et le rayonnement intercept\u00e9 par la canop\u00e9e ont \u00e9t\u00e9 pris en compte dans les analyses ;<\/li>\n<li>L&rsquo;esp\u00e8ce d&rsquo;arbre avait un effet significatif sur la capacit\u00e9 du couvert forestier a tamponner les temp\u00e9ratures ;<\/li>\n<li>Les peuplements de ch\u00eane procuraient un effet tampon sup\u00e9rieur aux peuplements de pin \u00e0 rayonnement intercept\u00e9 \u00e9gal.<\/li>\n<\/ul>\n<p><strong><span style=\"text-decoration: underline;\">R\u00e9sum\u00e9 :<\/span><\/strong><\/p>\n<p>We studied the effects of tree species and tree density on the capacity of a forest to buffer understory temperatures during the summer period. We dissociated tree-species and light effects by integrating incident solar irradiance and its proportion intercepted by the canopy into our analyses. We measured solar radiation and air temperature over three consecutive years (2018, 2019 and 2020) in 16 plots in Central France composed of mature stands of sessile oak and Scots pine with three types of composition: monospecific oak, monospecific pine and oak-pine mixture, and two levels of tree density. Air temperature and solar radiation were recorded simultaneously in the experimental plots and in a reference plot without forest cover.<br \/>\nOur results show that the higher the incident irradiance the greater the difference in minimum temperature, and that the higher the intercepted irradiance the greater the difference in maximum temperature between below-canopy and open conditions. We found that tree species had a significant effect on the buffering capacity even when the light factor was taken into account. For a given incident irradiance and a given proportion of intercepted irradiance, the pine plots buffered understory temperatures less than the oak plots. Our results also show that higher maximum temperatures occurred in the understory than in open conditions for low values of intercepted irradiance and high values of incident irradiance, especially in the plots where Scots pine was present. The two species differ in leaf albedo and in their ability to regulate transpiration during droughts and these two characteristics may explain our results. Our study shows that Scots pine is less able to buffer summer temperatures than sessile oak. These results are of interest to forest managers since reducing stand density and mixing tree species are considered to be silvicultural strategies that can help cope with climate change.<\/p>\n<\/div>\n","protected":false},"excerpt":{"rendered":"<p>Un article vient de para\u00eetre dans la revue \u00ab\u00a0Agricultural and Forest Meteorology\u00a0\u00bb sur l&rsquo;importance de l&rsquo;esp\u00e8ce d&rsquo;arbre de la canop\u00e9e sur la capacit\u00e9 du couvert forestier \u00e0 tamponner les temp\u00e9ratures en p\u00e9riode estivale: Perot, Thomas, Marc Saudreau, Nathalie Korboulewsky, Anders M\u00e5rell, et Philippe Balandier. Capacity of a forest to buffer temperature: Does canopy tree species &hellip; <\/p>\n<p><a class=\"more-link btn\" href=\"https:\/\/optmix.efno.fr\/?p=3347\">Lire la suite<\/a><\/p>\n","protected":false},"author":2,"featured_media":0,"comment_status":"open","ping_status":"open","sticky":false,"template":"","format":"standard","meta":{"_mi_skip_tracking":false,"_exactmetrics_sitenote_active":false,"_exactmetrics_sitenote_note":"","_exactmetrics_sitenote_category":0,"footnotes":""},"categories":[1],"tags":[],"_links":{"self":[{"href":"https:\/\/optmix.efno.fr\/index.php?rest_route=\/wp\/v2\/posts\/3347"}],"collection":[{"href":"https:\/\/optmix.efno.fr\/index.php?rest_route=\/wp\/v2\/posts"}],"about":[{"href":"https:\/\/optmix.efno.fr\/index.php?rest_route=\/wp\/v2\/types\/post"}],"author":[{"embeddable":true,"href":"https:\/\/optmix.efno.fr\/index.php?rest_route=\/wp\/v2\/users\/2"}],"replies":[{"embeddable":true,"href":"https:\/\/optmix.efno.fr\/index.php?rest_route=%2Fwp%2Fv2%2Fcomments&post=3347"}],"version-history":[{"count":5,"href":"https:\/\/optmix.efno.fr\/index.php?rest_route=\/wp\/v2\/posts\/3347\/revisions"}],"predecessor-version":[{"id":3356,"href":"https:\/\/optmix.efno.fr\/index.php?rest_route=\/wp\/v2\/posts\/3347\/revisions\/3356"}],"wp:attachment":[{"href":"https:\/\/optmix.efno.fr\/index.php?rest_route=%2Fwp%2Fv2%2Fmedia&parent=3347"}],"wp:term":[{"taxonomy":"category","embeddable":true,"href":"https:\/\/optmix.efno.fr\/index.php?rest_route=%2Fwp%2Fv2%2Fcategories&post=3347"},{"taxonomy":"post_tag","embeddable":true,"href":"https:\/\/optmix.efno.fr\/index.php?rest_route=%2Fwp%2Fv2%2Ftags&post=3347"}],"curies":[{"name":"wp","href":"https:\/\/api.w.org\/{rel}","templated":true}]}}